{"id":1201,"date":"2023-03-27T16:33:23","date_gmt":"2023-03-27T16:33:23","guid":{"rendered":"https:\/\/sgdoe.de\/?p=1201"},"modified":"2023-03-28T18:13:41","modified_gmt":"2023-03-28T18:13:41","slug":"jahreshauptversammlung-der-sg-degmarn-oedheim-2","status":"publish","type":"post","link":"https:\/\/sgdoe.de\/?p=1201","title":{"rendered":"JHV der SG Degmarn Oedheim"},"content":{"rendered":"\n<p><strong>Freitag den 28.04.2023, Kocher Aue, Oedheim, Beginn: 19:30 Uhr<\/strong><\/p>\n\n\n\n<p>Die SG Degmarn-Oedheim l\u00e4dt zur diesj\u00e4hrigen Jahreshauptversammlung am<br>Freitag den 28.04.2023 um 19:30 Uhr in die Kocher Aue nach Oedheim ein.<\/p>\n\n\n\n<p><strong>Tagesordnung:<\/strong><\/p>\n\n\n\n<ol class=\"wp-block-list\">\n<li>Er\u00f6ffnung und Begr\u00fc\u00dfung<\/li>\n\n\n\n<li>Bericht Abteilungsleitung<\/li>\n\n\n\n<li>Bericht Jugendleitung JSG Neckar Kocher<\/li>\n\n\n\n<li>Bericht Kassier<\/li>\n\n\n\n<li>Bericht der Kassenpr\u00fcfer<\/li>\n\n\n\n<li>Entlastungen<\/li>\n\n\n\n<li>Neuwahlen:<br>Abteilungsmitglied<br>1 Kassier<\/li>\n\n\n\n<li>Ehrungen<\/li>\n\n\n\n<li>Verabschiedungen<\/li>\n\n\n\n<li>Antr\u00e4ge<\/li>\n\n\n\n<li>Verschiedenes<\/li>\n<\/ol>\n\n\n\n<p>Antr\u00e4ge zur Jahreshauptversammlung sind bis zum 21.04.2023 schriftlich an die<br>Abteilungsleitung (vorstand@sgdoe.de) zu senden.<br><br>Die Abteilungsleitung freut sich \u00fcber ein zahlreiches Erscheinen aller Freude und G\u00f6nner des<br>Handballsports.<br><br>Abteilungsleitung der SG Degmarn-Oedheim<br>Amelie Loleit, Simone Karle, Daniel Benkner, Artur Kremer<\/p>\n\n\n\n<p><\/p>\n\n\n\n<p style=\"font-size:30px\"><strong>Sitzung des F\u00f6rdervereins der SG Degmarn-Oedheim<\/strong><\/p>\n\n\n\n<p>Freitag den 28.04.2023, Kocher Aue, Oedheim, Beginn: 19:00 Uhr<\/p>\n\n\n\n<p>Einladung zur Sitzung des F\u00f6rdervereins der SG Degmarn-Oedheim am<br>Freitag den 28.04.2023 um 19:00 Uhr in die Kocher Aue nach Oedheim<br>Tagesordnung:<\/p>\n\n\n\n<ol class=\"wp-block-list\">\n<li>Er\u00f6ffnung und Begr\u00fc\u00dfung<\/li>\n\n\n\n<li>Bericht Vorstand<\/li>\n\n\n\n<li>Bericht Kassier<\/li>\n\n\n\n<li>Bericht Kassenpr\u00fcfer<\/li>\n\n\n\n<li>Entlastungen<\/li>\n\n\n\n<li>Neuwahlen<\/li>\n\n\n\n<li>Antr\u00e4ge<\/li>\n\n\n\n<li>Verschiedenes<\/li>\n<\/ol>\n\n\n\n<p>Antr\u00e4ge zur Sitzung sind bis zum 21.04.2023 schriftlich an die Abteilungsleitung<br>(vorstand@sgdoe.de) zu senden<\/p>\n","protected":false},"excerpt":{"rendered":"<p>Freitag den 28.04.2023, Kocher Aue, Oedheim, Beginn: 19:30 Uhr Die SG Degmarn-Oedheim l\u00e4dt zur diesj\u00e4hrigen Jahreshauptversammlung amFreitag den 28.04.2023 um 19:30 Uhr in die Kocher Aue nach Oedheim ein. Tagesordnung: Antr\u00e4ge zur Jahreshauptversammlung sind bis zum 21.04.2023 schriftlich an dieAbteilungsleitung (vorstand@sgdoe.de) zu senden. Die Abteilungsleitung freut sich \u00fcber ein zahlreiches Erscheinen aller Freude und G\u00f6nner&hellip; <br \/> <a class=\"read-more\" href=\"https:\/\/sgdoe.de\/?p=1201\">Weiterlesen<\/a><\/p>\n","protected":false},"author":1,"featured_media":827,"comment_status":"closed","ping_status":"open","sticky":false,"template":"","format":"standard","meta":{"footnotes":""},"categories":[4],"tags":[],"class_list":["post-1201","post","type-post","status-publish","format-standard","has-post-thumbnail","hentry","category-sgnews"],"_links":{"self":[{"href":"https:\/\/sgdoe.de\/index.php?rest_route=\/wp\/v2\/posts\/1201","targetHints":{"allow":["GET"]}}],"collection":[{"href":"https:\/\/sgdoe.de\/index.php?rest_route=\/wp\/v2\/posts"}],"about":[{"href":"https:\/\/sgdoe.de\/index.php?rest_route=\/wp\/v2\/types\/post"}],"author":[{"embeddable":true,"href":"https:\/\/sgdoe.de\/index.php?rest_route=\/wp\/v2\/users\/1"}],"replies":[{"embeddable":true,"href":"https:\/\/sgdoe.de\/index.php?rest_route=%2Fwp%2Fv2%2Fcomments&post=1201"}],"version-history":[{"count":3,"href":"https:\/\/sgdoe.de\/index.php?rest_route=\/wp\/v2\/posts\/1201\/revisions"}],"predecessor-version":[{"id":1215,"href":"https:\/\/sgdoe.de\/index.php?rest_route=\/wp\/v2\/posts\/1201\/revisions\/1215"}],"wp:featuredmedia":[{"embeddable":true,"href":"https:\/\/sgdoe.de\/index.php?rest_route=\/wp\/v2\/media\/827"}],"wp:attachment":[{"href":"https:\/\/sgdoe.de\/index.php?rest_route=%2Fwp%2Fv2%2Fmedia&parent=1201"}],"wp:term":[{"taxonomy":"category","embeddable":true,"href":"https:\/\/sgdoe.de\/index.php?rest_route=%2Fwp%2Fv2%2Fcategories&post=1201"},{"taxonomy":"post_tag","embeddable":true,"href":"https:\/\/sgdoe.de\/index.php?rest_route=%2Fwp%2Fv2%2Ftags&post=1201"}],"curies":[{"name":"wp","href":"https:\/\/api.w.org\/{rel}","templated":true}]}}