{"id":1237,"date":"2023-05-02T16:39:52","date_gmt":"2023-05-02T16:39:52","guid":{"rendered":"https:\/\/sgdoe.de\/?p=1237"},"modified":"2023-05-02T16:39:52","modified_gmt":"2023-05-02T16:39:52","slug":"herren1-verabschieden-sich-mit-einem-unentschieden-aus-der-landesliga","status":"publish","type":"post","link":"https:\/\/sgdoe.de\/?p=1237","title":{"rendered":"Herren1 verabschieden sich mit einem Unentschieden aus der Landesliga"},"content":{"rendered":"\n<p><strong>TSV Asperg vs. SG Degmarn Oedheim 28:28 (15:9)<\/strong><\/p>\n\n\n\n<p>Am vergangenen Samstag stand f\u00fcr unsere SG Herren das letzte Spiel der Saison 2022\/23 beim TSV Asperg auf dem Programm. Der Druck f\u00fcr diese Partie war nat\u00fcrlich raus, da unser Team sich eine Woche zuvor im Heimspiel gegen die HB Ludwigsburg bereits den Meistertitel und den Aufstieg in die Verbandsliga sicherte. Dennoch wollte man einen guten Abschluss haben und nochmal ,um die letzten Punkte k\u00e4mpfen. Unterst\u00fctzt wurden unsere Herren durch zahlreich mitgereiste SG-Fans, die f\u00fcr eine Menge Stimmung sorgten. Vielen Dank daf\u00fcr!<\/p>\n\n\n\n<p>Doch in der ersten H\u00e4lfte war leider nicht viel Positives zu sehen. Unsere Mannschaft zeigte in der Offensive zu wenig Laufbereitschaft und machte es der TSV- Abwehr viel zu einfach, die Angriffe zu unterbinden. In der Defensive lie\u00df man den starken R\u00fcckraumsch\u00fctzen aus Asperg wiederum zu viel Freir\u00e4ume f\u00fcr einfache Tore.<br>Das konnten die Gastgeber f\u00fcr sich nutzen, und bauten die F\u00fchrung bis zum Halbzeitpfiff auf 15:9 aus.<\/p>\n\n\n\n<p>Wer nun dachte, dass es in H\u00e4lfte zwei genauso weitergeht, lag falsch. Unsere Herren zeigten nun den Willen und den Kampf, auf den man in der ersten H\u00e4lfte vergeblich warten musste.<br>Nun wurden die Angriffe mit viel Druck gespielt und die Chancen konsequent genutzt. Vor allem Yannik Volz konnte ein Tor nach dem anderen erzielen und so konnten wird den R\u00fcckstand immer weiter verk\u00fcrzen. In der 51. Minute ging unsere SG dann tats\u00e4chlich das erste Mal in F\u00fchrung. Bei 59:09 Minuten lag man auch noch mit zwei Toren in F\u00fchrung, doch der TSV konnte in der letzten Sekunde noch den Ausgleich zum&nbsp;<strong>28:28 Endstand&nbsp;<\/strong>erzielen.<br>Wenn man den Spielverlauf betrachtet, ein letztendlich faires Ergebnis f\u00fcr beide Mannschaften. So verabschieden wir uns mit dem ersten Tabellenplatz und 26:10 Punkten aus der Landesliga.<\/p>\n\n\n\n<p><strong>Trainerstimme von S\u00f6ren Vogt:<\/strong><br><em>&#8222;Man sah heute zum Abschluss nochmal ein spannendes Handballspiel mit viel Emotion und Einsatz. Auch wenn mir die erste H\u00e4lfte gar nicht gefiel, fand ich die Einstellung des Teams in H\u00e4lfte zwei umso besser. Jetzt bin ich froh, dass wir uns alle etwas ausruhen k\u00f6nnen, um neue Energie zu tanken f\u00fcr die n\u00e4chste Saison.&#8220;<\/em><br><br><strong>Es spielten\/ erzielte Tore:<\/strong><br>Michael Bognar, Max Jesser, Ali K\u00f6se (alle TW), Feldspieler: Yannik Volz 11, Cedric Carpouzis 6, Benjamin Schreider 5, Marcel Fruh 2, Max Odenwald 1, Mario Sch\u00fctterle 1, Tom Schmierer, David Schneider, Niklas Denzer, Jonas Lautenbach 2<\/p>\n\n\n\n<p><strong>Herzlichen Dank\u00a0<\/strong>an alle SG Fans und Handballfreunde f\u00fcr die sehr gute Unterst\u00fctzung in der nun abgelaufenen Runde. Wir z\u00e4hlen auf euch auch in der neuen Runde 23\/24 &#8211; dann in der Verbandsliga. Wir w\u00fcnschen euch allen eine gute Zeit.<\/p>\n\n\n\n<p>Auch unseren Spielern, Trainern und Betreuern und Helfern eine gute Erholung und nochmals&nbsp;<strong>herzlichen Dank<\/strong>&nbsp;f\u00fcr eure Einsatzbereitschaft und Treue zum Verein.<\/p>\n\n\n\n<p>Die Vorbereitung auf die erste Verbandsligassaison wird zu gegebener Zeit beginnen und dann geht es im Herbst los mit den Punktspielen. Es gibt Ver\u00e4nderungen. Aber gemeinsam wird alles versucht, um auch in der h\u00f6heren Spielklasse gut anzukommen. Wir w\u00fcnschen euch allen eine angenehme Zeit und bleibt gesund.<\/p>\n\n\n\n<p>(SV +wer)<\/p>\n","protected":false},"excerpt":{"rendered":"<p>TSV Asperg vs. SG Degmarn Oedheim 28:28 (15:9) Am vergangenen Samstag stand f\u00fcr unsere SG Herren das letzte Spiel der Saison 2022\/23 beim TSV Asperg auf dem Programm. Der Druck f\u00fcr diese Partie war nat\u00fcrlich raus, da unser Team sich eine Woche zuvor im Heimspiel gegen die HB Ludwigsburg bereits den Meistertitel und den Aufstieg&hellip; <br \/> <a class=\"read-more\" href=\"https:\/\/sgdoe.de\/?p=1237\">Weiterlesen<\/a><\/p>\n","protected":false},"author":1,"featured_media":1040,"comment_status":"closed","ping_status":"open","sticky":false,"template":"","format":"standard","meta":{"footnotes":""},"categories":[7],"tags":[],"class_list":["post-1237","post","type-post","status-publish","format-standard","has-post-thumbnail","hentry","category-spielbericht-der-herren1"],"_links":{"self":[{"href":"https:\/\/sgdoe.de\/index.php?rest_route=\/wp\/v2\/posts\/1237","targetHints":{"allow":["GET"]}}],"collection":[{"href":"https:\/\/sgdoe.de\/index.php?rest_route=\/wp\/v2\/posts"}],"about":[{"href":"https:\/\/sgdoe.de\/index.php?rest_route=\/wp\/v2\/types\/post"}],"author":[{"embeddable":true,"href":"https:\/\/sgdoe.de\/index.php?rest_route=\/wp\/v2\/users\/1"}],"replies":[{"embeddable":true,"href":"https:\/\/sgdoe.de\/index.php?rest_route=%2Fwp%2Fv2%2Fcomments&post=1237"}],"version-history":[{"count":1,"href":"https:\/\/sgdoe.de\/index.php?rest_route=\/wp\/v2\/posts\/1237\/revisions"}],"predecessor-version":[{"id":1238,"href":"https:\/\/sgdoe.de\/index.php?rest_route=\/wp\/v2\/posts\/1237\/revisions\/1238"}],"wp:featuredmedia":[{"embeddable":true,"href":"https:\/\/sgdoe.de\/index.php?rest_route=\/wp\/v2\/media\/1040"}],"wp:attachment":[{"href":"https:\/\/sgdoe.de\/index.php?rest_route=%2Fwp%2Fv2%2Fmedia&parent=1237"}],"wp:term":[{"taxonomy":"category","embeddable":true,"href":"https:\/\/sgdoe.de\/index.php?rest_route=%2Fwp%2Fv2%2Fcategories&post=1237"},{"taxonomy":"post_tag","embeddable":true,"href":"https:\/\/sgdoe.de\/index.php?rest_route=%2Fwp%2Fv2%2Ftags&post=1237"}],"curies":[{"name":"wp","href":"https:\/\/api.w.org\/{rel}","templated":true}]}}