{"id":290,"date":"2020-04-03T12:38:47","date_gmt":"2020-04-03T12:38:47","guid":{"rendered":"http:\/\/sgdoe.de\/?p=290"},"modified":"2020-04-03T17:20:50","modified_gmt":"2020-04-03T17:20:50","slug":"terminverschiebung-jahreshauptversammlung-kameradschaftsabend","status":"publish","type":"post","link":"https:\/\/sgdoe.de\/?p=290","title":{"rendered":"Terminverschiebung Jahreshaupt-versammlung &#038; Kamerad-schaftsabend"},"content":{"rendered":"\n<h1 class=\"wp-block-heading\"><\/h1>\n\n\n\n<p>Guten Tag,&nbsp;<\/p>\n\n\n\n<p>die Ma\u00dfnahmen zur\nBek\u00e4mpfung der unkontrollierten Ausbreitung des Corona Virus haben auch\nweiterhin unser Vereinsleben fest im Griff. <\/p>\n\n\n\n<p><strong>Daher\nteilen wir hiermit mit, dass die Jahreshauptsversammlung, sowie der Handball\nKameradschaftsabend nicht zu den geplanten Terminen stattfinden k\u00f6nnen<\/strong>. <\/p>\n\n\n\n<p>Aktuell sind wir\nnicht in der Lage diese Veranstaltungen terminlich zu fixieren, daher gilt die\nVerschiebung auf unbestimmte Zeit. Beide Veranstaltungen sind absolute\nPflichtveranstaltungen im Jahreskalender unserer SG, daher hoffen wir\nschnellstm\u00f6glich Termine nennen zu k\u00f6nnen. <\/p>\n\n\n\n<p>Zum weiteren Verlauf\nder aktuellen Situation gibt es aktuell keine Entscheidung des Verbandes\ndar\u00fcber wie die Regelung aussehen wird. <\/p>\n\n\n\n<p><strong>Statement Handballverband W\u00fcrttemberg <\/strong><\/p>\n\n\n\n<p>&#8222;Der Wunsch ist\nes, eine einheitliche Regelung f\u00fcr den Spielbetrieb in Handballdeutschland zu\nfinden.<br>\nDiesem w\u00fcrde sich Handball Baden-W\u00fcrttemberg anschlie\u00dfen.<br>\nF\u00fcr den Fall, dass es keine einheitliche L\u00f6sung bis 19. April gibt, wird eine\neinheitliche L\u00f6sung in Baden-W\u00fcrttemberg (von der 4. Liga bis in die Kreisligen)\nangestrebt.&#8220;<\/p>\n\n\n\n<p>Wir bitten euch,\ndiese Infos an alle weiterzugeben die wir eventuell mit diesem Schreiben nicht\nerreichen k\u00f6nnen. <\/p>\n\n\n\n<p>Wir werden euch\nzeitnah und unverz\u00fcglich \u00fcber Entwicklungen informieren.&nbsp;&nbsp;<\/p>\n\n\n\n<p>Sportliche Gr\u00fc\u00dfe<\/p>\n\n\n\n<p>Amelie\nLoleit, Simone Karle, Daniel Benkner<\/p>\n\n\n\n<p>Abteilungsleitung\nSG Degmarn-Oedheim<\/p>\n","protected":false},"excerpt":{"rendered":"<p>Guten Tag,&nbsp; die Ma\u00dfnahmen zur Bek\u00e4mpfung der unkontrollierten Ausbreitung des Corona Virus haben auch weiterhin unser Vereinsleben fest im Griff. Daher teilen wir hiermit mit, dass die Jahreshauptsversammlung, sowie der Handball Kameradschaftsabend nicht zu den geplanten Terminen stattfinden k\u00f6nnen. Aktuell sind wir nicht in der Lage diese Veranstaltungen terminlich zu fixieren, daher gilt die Verschiebung&hellip; <br \/> <a class=\"read-more\" href=\"https:\/\/sgdoe.de\/?p=290\">Weiterlesen<\/a><\/p>\n","protected":false},"author":1,"featured_media":0,"comment_status":"open","ping_status":"open","sticky":false,"template":"","format":"standard","meta":{"footnotes":""},"categories":[4],"tags":[],"class_list":["post-290","post","type-post","status-publish","format-standard","hentry","category-sgnews"],"_links":{"self":[{"href":"https:\/\/sgdoe.de\/index.php?rest_route=\/wp\/v2\/posts\/290","targetHints":{"allow":["GET"]}}],"collection":[{"href":"https:\/\/sgdoe.de\/index.php?rest_route=\/wp\/v2\/posts"}],"about":[{"href":"https:\/\/sgdoe.de\/index.php?rest_route=\/wp\/v2\/types\/post"}],"author":[{"embeddable":true,"href":"https:\/\/sgdoe.de\/index.php?rest_route=\/wp\/v2\/users\/1"}],"replies":[{"embeddable":true,"href":"https:\/\/sgdoe.de\/index.php?rest_route=%2Fwp%2Fv2%2Fcomments&post=290"}],"version-history":[{"count":3,"href":"https:\/\/sgdoe.de\/index.php?rest_route=\/wp\/v2\/posts\/290\/revisions"}],"predecessor-version":[{"id":293,"href":"https:\/\/sgdoe.de\/index.php?rest_route=\/wp\/v2\/posts\/290\/revisions\/293"}],"wp:attachment":[{"href":"https:\/\/sgdoe.de\/index.php?rest_route=%2Fwp%2Fv2%2Fmedia&parent=290"}],"wp:term":[{"taxonomy":"category","embeddable":true,"href":"https:\/\/sgdoe.de\/index.php?rest_route=%2Fwp%2Fv2%2Fcategories&post=290"},{"taxonomy":"post_tag","embeddable":true,"href":"https:\/\/sgdoe.de\/index.php?rest_route=%2Fwp%2Fv2%2Ftags&post=290"}],"curies":[{"name":"wp","href":"https:\/\/api.w.org\/{rel}","templated":true}]}}