{"id":376,"date":"2020-07-17T16:17:46","date_gmt":"2020-07-17T16:17:46","guid":{"rendered":"http:\/\/sgdoe.de\/?p=376"},"modified":"2020-07-17T16:19:05","modified_gmt":"2020-07-17T16:19:05","slug":"jahreshauptversammlung","status":"publish","type":"post","link":"https:\/\/sgdoe.de\/?p=376","title":{"rendered":"Jahreshaupt-versammlung"},"content":{"rendered":"\n<p><\/p>\n\n\n\n<p><strong>Jahreshauptversammlung der SG Degmarn-Oedheim <br>Freitag den 31.07.2020 Mehrzweckhalle Degmarn <br>Beginn: 19:30 Uhr <\/strong><\/p>\n\n\n\n<p>Die SG Degmarn-Oedheim l\u00e4dt zur diesj\u00e4hrigen Jahreshauptversammlung am Freitag den 31.07.2020 um 19:30 Uhr in die Mehrzweckhalle nach Degmarn ein. <\/p>\n\n\n\n<p>Tagesordnung: <br>1. Er\u00f6ffnung und Begr\u00fc\u00dfung <br>2. Bericht Abteilungsleitung <br>3. Bericht Jugendleitung JSG <br>4. Bericht Kassier <br>5. Bericht der Kassenpr\u00fcfer <br>6. Entlastungen <br>7. Neuwahlen: &#8211; 2 Abteilungsleitungsmitglieder &#8211; 2. Kassier 8. Antr\u00e4ge <br>9. Verschiedenes <\/p>\n\n\n\n<p>Die geplante Jahreshauptversammlung im M\u00e4rz mussten wir aufgrund der SARS-CoV-2 Pandemie spontan absagen. Ab dem 1. Juli d\u00fcrfen Vereinsversammlungen wieder stattfinden. Vor Ort wird ein Hygienekonzept an der Eingangst\u00fcre einsehbar sein. Sie d\u00fcrfen nur an der Versammlung teilnehmen wenn Sie folgende Punkte beachten: <br>&#8211; Sie d\u00fcrfen keine Krankheitssymptome haben. <br>&#8211; Sie d\u00fcrfen nicht in Kontakt mit einer infizierten Person gekommen sein. <br>&#8211; Beim Betreten der Gastst\u00e4tte m\u00fcssen Sie einen Mund-Nasenschutz tragen. <br>&#8211; Sie m\u00fcssen die vorgegebenen Abstandsregeln einhalten. <\/p>\n\n\n\n<p>Antr\u00e4ge zur Jahreshauptversammlung sind bis zum 24.07.2020 schriftlich an die Abteilungsleitung (vorstand@sgdoe.de) zu senden. Die Abteilungsleitung freut sich \u00fcber ein zahlreiches Erscheinen aller Freude und G\u00f6nner des Handballsports. Abteilungsleitung der SG Degmarn-Oedheim Amelie Loleit, Simone Karle, Daniel Benkner <\/p>\n","protected":false},"excerpt":{"rendered":"<p>Jahreshauptversammlung der SG Degmarn-Oedheim Freitag den 31.07.2020 Mehrzweckhalle Degmarn Beginn: 19:30 Uhr Die SG Degmarn-Oedheim l\u00e4dt zur diesj\u00e4hrigen Jahreshauptversammlung am Freitag den 31.07.2020 um 19:30 Uhr in die Mehrzweckhalle nach Degmarn ein. Tagesordnung: 1. Er\u00f6ffnung und Begr\u00fc\u00dfung 2. Bericht Abteilungsleitung 3. Bericht Jugendleitung JSG 4. Bericht Kassier 5. Bericht der Kassenpr\u00fcfer 6. Entlastungen 7. Neuwahlen:&hellip; <br \/> <a class=\"read-more\" href=\"https:\/\/sgdoe.de\/?p=376\">Weiterlesen<\/a><\/p>\n","protected":false},"author":1,"featured_media":0,"comment_status":"open","ping_status":"open","sticky":false,"template":"","format":"standard","meta":{"footnotes":""},"categories":[1],"tags":[],"class_list":["post-376","post","type-post","status-publish","format-standard","hentry","category-uncategorized"],"_links":{"self":[{"href":"https:\/\/sgdoe.de\/index.php?rest_route=\/wp\/v2\/posts\/376","targetHints":{"allow":["GET"]}}],"collection":[{"href":"https:\/\/sgdoe.de\/index.php?rest_route=\/wp\/v2\/posts"}],"about":[{"href":"https:\/\/sgdoe.de\/index.php?rest_route=\/wp\/v2\/types\/post"}],"author":[{"embeddable":true,"href":"https:\/\/sgdoe.de\/index.php?rest_route=\/wp\/v2\/users\/1"}],"replies":[{"embeddable":true,"href":"https:\/\/sgdoe.de\/index.php?rest_route=%2Fwp%2Fv2%2Fcomments&post=376"}],"version-history":[{"count":3,"href":"https:\/\/sgdoe.de\/index.php?rest_route=\/wp\/v2\/posts\/376\/revisions"}],"predecessor-version":[{"id":380,"href":"https:\/\/sgdoe.de\/index.php?rest_route=\/wp\/v2\/posts\/376\/revisions\/380"}],"wp:attachment":[{"href":"https:\/\/sgdoe.de\/index.php?rest_route=%2Fwp%2Fv2%2Fmedia&parent=376"}],"wp:term":[{"taxonomy":"category","embeddable":true,"href":"https:\/\/sgdoe.de\/index.php?rest_route=%2Fwp%2Fv2%2Fcategories&post=376"},{"taxonomy":"post_tag","embeddable":true,"href":"https:\/\/sgdoe.de\/index.php?rest_route=%2Fwp%2Fv2%2Ftags&post=376"}],"curies":[{"name":"wp","href":"https:\/\/api.w.org\/{rel}","templated":true}]}}