{"id":598,"date":"2021-08-17T10:55:20","date_gmt":"2021-08-17T10:55:20","guid":{"rendered":"https:\/\/sgdoe.de\/?p=598"},"modified":"2021-08-17T11:03:11","modified_gmt":"2021-08-17T11:03:11","slug":"jahreshauptversammlung-der-sg-degmarn-oedheim","status":"publish","type":"post","link":"https:\/\/sgdoe.de\/?p=598","title":{"rendered":"JHV der SG Degmarn-Oedheim"},"content":{"rendered":"\n<p><strong>Jahreshauptversammlung der SG Degmarn-Oedheim<\/strong><\/p>\n\n\n\n<p><strong>Freitag den 17.09.2021<\/strong><\/p>\n\n\n\n<p><strong>Mehrzweckhalle Degmarn<\/strong><\/p>\n\n\n\n<p><strong>Beginn: 19:30 Uhr<\/strong><\/p>\n\n\n\n<p>Die SG Degmarn-Oedheim l\u00e4dt zur diesj\u00e4hrigen Jahreshauptversammlung am<br><strong>Freitag den 17.09.2021 um 19:30 Uhr<\/strong> in die <strong>Mehrzweckhalle<\/strong> nach Degmarn ein.<\/p>\n\n\n\n<p><strong><u>Tagesordnung:<\/u><\/strong><\/p>\n\n\n\n<ol class=\"wp-block-list\" type=\"1\"><li>Er\u00f6ffnung und Begr\u00fc\u00dfung<\/li><li>Bericht Abteilungsleitung<\/li><li>Bericht Jugendleitung JSG<\/li><li>Bericht Kassier<\/li><li>Bericht der Kassenpr\u00fcfer<\/li><li>Entlastungen<\/li><li>Neuwahlen:<\/li><li>1 Abteilungsleitungsmitglieder<\/li><li>1. Kassier<\/li><li>Ehrungen<\/li><li>Antr\u00e4ge<\/li><li>Verschiedenes<\/li><\/ol>\n\n\n\n<p><strong>Eine Teilnahme ist nur unter Einhaltung des beigef\u00fcgten <a href=\"https:\/\/sgdoe.de\/wp-content\/uploads\/2021\/08\/01_Hygienekonzept-JHV_2021.pdf\">Hygienekonzepts <\/a>m\u00f6glich!<\/strong><\/p>\n\n\n\n<p>Antr\u00e4ge zur Jahreshauptversammlung sind bis zum <strong>10.09.2021<\/strong> schriftlich an die Abteilungsleitung (<a href=\"mailto:vorstand@sgdoe.de\">vorstand@sgdoe.de<\/a>) zu senden.<\/p>\n\n\n\n<p>Die Abteilungsleitung freut sich \u00fcber ein zahlreiches Erscheinen aller Freude und G\u00f6nner des Handballsports.<\/p>\n\n\n\n<p>Abteilungsleitung der SG Degmarn-Oedheim<br>Amelie Loleit, Simone Karle, Daniel Benkner<\/p>\n","protected":false},"excerpt":{"rendered":"<p>Jahreshauptversammlung der SG Degmarn-Oedheim Freitag den 17.09.2021 Mehrzweckhalle Degmarn Beginn: 19:30 Uhr Die SG Degmarn-Oedheim l\u00e4dt zur diesj\u00e4hrigen Jahreshauptversammlung amFreitag den 17.09.2021 um 19:30 Uhr in die Mehrzweckhalle nach Degmarn ein. Tagesordnung: Er\u00f6ffnung und Begr\u00fc\u00dfung Bericht Abteilungsleitung Bericht Jugendleitung JSG Bericht Kassier Bericht der Kassenpr\u00fcfer Entlastungen Neuwahlen: 1 Abteilungsleitungsmitglieder 1. Kassier Ehrungen Antr\u00e4ge Verschiedenes Eine&hellip; <br \/> <a class=\"read-more\" href=\"https:\/\/sgdoe.de\/?p=598\">Weiterlesen<\/a><\/p>\n","protected":false},"author":1,"featured_media":133,"comment_status":"open","ping_status":"open","sticky":false,"template":"","format":"standard","meta":{"footnotes":""},"categories":[4],"tags":[],"class_list":["post-598","post","type-post","status-publish","format-standard","has-post-thumbnail","hentry","category-sgnews"],"_links":{"self":[{"href":"https:\/\/sgdoe.de\/index.php?rest_route=\/wp\/v2\/posts\/598","targetHints":{"allow":["GET"]}}],"collection":[{"href":"https:\/\/sgdoe.de\/index.php?rest_route=\/wp\/v2\/posts"}],"about":[{"href":"https:\/\/sgdoe.de\/index.php?rest_route=\/wp\/v2\/types\/post"}],"author":[{"embeddable":true,"href":"https:\/\/sgdoe.de\/index.php?rest_route=\/wp\/v2\/users\/1"}],"replies":[{"embeddable":true,"href":"https:\/\/sgdoe.de\/index.php?rest_route=%2Fwp%2Fv2%2Fcomments&post=598"}],"version-history":[{"count":3,"href":"https:\/\/sgdoe.de\/index.php?rest_route=\/wp\/v2\/posts\/598\/revisions"}],"predecessor-version":[{"id":607,"href":"https:\/\/sgdoe.de\/index.php?rest_route=\/wp\/v2\/posts\/598\/revisions\/607"}],"wp:featuredmedia":[{"embeddable":true,"href":"https:\/\/sgdoe.de\/index.php?rest_route=\/wp\/v2\/media\/133"}],"wp:attachment":[{"href":"https:\/\/sgdoe.de\/index.php?rest_route=%2Fwp%2Fv2%2Fmedia&parent=598"}],"wp:term":[{"taxonomy":"category","embeddable":true,"href":"https:\/\/sgdoe.de\/index.php?rest_route=%2Fwp%2Fv2%2Fcategories&post=598"},{"taxonomy":"post_tag","embeddable":true,"href":"https:\/\/sgdoe.de\/index.php?rest_route=%2Fwp%2Fv2%2Ftags&post=598"}],"curies":[{"name":"wp","href":"https:\/\/api.w.org\/{rel}","templated":true}]}}